{"id":506,"date":"2021-10-14T14:31:16","date_gmt":"2021-10-14T17:31:16","guid":{"rendered":"http:\/\/tecnoponto.com\/blog\/?p=506"},"modified":"2021-10-14T14:31:18","modified_gmt":"2021-10-14T17:31:18","slug":"qual-e-o-perfil-do-profissional-de-rh","status":"publish","type":"post","link":"https:\/\/tecnoponto.com\/blog\/qual-e-o-perfil-do-profissional-de-rh\/","title":{"rendered":"Qual \u00e9 o Perfil do Profissional de RH?"},"content":{"rendered":"\n<p>Para definir o perfil do profissional de RH, \u00e9 necess\u00e1rio levar diversos fatores em considera\u00e7\u00e3o. Afinal, o ano de 2020 transformou o mercado e trouxe muitas mudan\u00e7as significativas para o novo cen\u00e1rio tecnol\u00f3gico em que estamos vivendo.&nbsp;<\/p>\n\n\n\n<p>O profissional de RH \u00e9 respons\u00e1vel por reter talentos, trein\u00e1-los e desenvolv\u00ea-los. Hoje, as empresas est\u00e3o cientes que um dos maiores diferenciais de uma marca \u00e9 o engajamento das pessoas que trabalham l\u00e1 dentro, por isso, \u00e9 fundamental desenvolver a satisfa\u00e7\u00e3o e evolu\u00e7\u00e3o profissional dessas pessoas.&nbsp;<\/p>\n\n\n\n<p>E \u00e9 a\u00ed que o profissional de RH entra! Muitas empresas, principalmente as de grande porte, procuram escolher criteriosamente uma boa equipe de recursos humanos, a fim de atrair novos talentos e engajar as pessoas que j\u00e1 est\u00e3o no quadro de colaboradores.&nbsp;<\/p>\n\n\n\n<p>O setor de recursos humanos \u00e9 fundamental para o bom desempenho da organiza\u00e7\u00e3o. Mas para isso, \u00e9 necess\u00e1rio contratar profissionais com o perfil ideal para executar tais tipos de tarefas.&nbsp;<\/p>\n\n\n\n<p><strong>Veja mais: <\/strong><a href=\"https:\/\/tecnoponto.com\/blog\/2021\/06\/15\/qual-o-papel-do-rh-na-gestao-de-pessoas\/\">Qual o papel do RH na gest\u00e3o de pessoas?<\/a><\/p>\n\n\n\n<p><strong>Quais s\u00e3o as principais caracter\u00edsticas de atua\u00e7\u00e3o do <\/strong><strong>profissional de RH<\/strong><strong>?<\/strong><\/p>\n\n\n\n<p>Abaixo est\u00e3o algumas caracter\u00edsticas de um bom profissional de RH. Ser\u00e1 que voc\u00ea se encaixa em alguma delas? Confira!<\/p>\n\n\n\n<p><strong>Vis\u00e3o sist\u00eamica<\/strong><\/p>\n\n\n\n<p>Cabe ao profissional de RH, identificar os pontos fracos e fortes de uma empresa, junto \u00e0s amea\u00e7as e oportunidades da organiza\u00e7\u00e3o. Al\u00e9m disso, torna-se necess\u00e1rio fazer uma imers\u00e3o na cultura organizacional e agir de acordo com ela, pois quanto mais completa for a vis\u00e3o de todos os processos, mais estrat\u00e9gica ser\u00e1 a atua\u00e7\u00e3o do profissional de RH.&nbsp;<\/p>\n\n\n\n<p><strong>Comunica\u00e7\u00e3o objetiva e eficiente&nbsp;<\/strong><\/p>\n\n\n\n<p>A comunica\u00e7\u00e3o vai muito al\u00e9m de uma conversa, \u00e9 necess\u00e1rio ouvir, processar as informa\u00e7\u00f5es com empatia e falar pela empresa. Afinal, o profissional de RH representa os interesses da organiza\u00e7\u00e3o e tamb\u00e9m atende as dores e sugest\u00f5es dos funcion\u00e1rios.<\/p>\n\n\n\n<p><strong>Gest\u00e3o de tempo&nbsp;<\/strong><\/p>\n\n\n\n<p>A administra\u00e7\u00e3o correta de tempo \u00e9 necess\u00e1ria em qualquer \u00e1rea, mas quando falamos em RH, precisamos ter em mente que muitas tarefas s\u00e3o&nbsp; delegadas diariamente aos profissionais (feedbacks, entrevistas, treinamentos, reuni\u00f5es, organiza\u00e7\u00e3o mensal, organiza\u00e7\u00e3o de trimestre etc). Por isso, torna-se fundamental uma boa gest\u00e3o e otimiza\u00e7\u00e3o de tempo.&nbsp;<\/p>\n\n\n\n<p><strong>Relacionamento interpessoal<\/strong><\/p>\n\n\n\n<p>Liderar, motivar, engajar e negociar. Todas essas tarefas s\u00e3o conquistadas com intelig\u00eancia emocional, algo que o profissional de RH deve ter de sobra. Afinal, mediar as atividades de uma presa e ter a gest\u00e3o sob colaboradores que nela trabalham \u00e9 algo que exige bastante aten\u00e7\u00e3o e cuidado.&nbsp;<\/p>\n\n\n\n<p><strong>Veja mais: <\/strong><a href=\"https:\/\/tecnoponto.com\/blog\/2021\/06\/29\/qual-a-importancia-do-equilibrio-emocional-no-rh\/\">Qual a import\u00e2ncia do equil\u00edbrio emocional no RH?<\/a><\/p>\n\n\n\n<p><strong>Capacidade de lideran\u00e7a&nbsp;<\/strong><\/p>\n\n\n\n<p>O profissional de RH \u00e9 um l\u00edder por excel\u00eancia, capaz de inspirar e engajar pessoas com as suas a\u00e7\u00f5es e comportamentos. Se voc\u00ea n\u00e3o tem esse perfil, provavelmente n\u00e3o vai se encaixar muito na \u00e1rea, mas nada que um bom desenvolvimento e treinamento n\u00e3o resolvam.&nbsp;<\/p>\n\n\n\n<p><strong>Inova\u00e7\u00e3o e proatividade&nbsp;<\/strong><\/p>\n\n\n\n<p>Treinamentos e a\u00e7\u00f5es de integra\u00e7\u00e3o, tem como objetivo motivar os colaboradores e identificar melhores oportunidades estrat\u00e9gicas dentro das empresas. O que leva o profissional de RH a buscar a\u00e7\u00f5es criativas e din\u00e2micas, para alcan\u00e7ar os melhores resultados.&nbsp;<\/p>\n\n\n\n<p><strong>Conclus\u00e3o<\/strong><\/p>\n\n\n\n<p>Al\u00e9m de todas essas caracter\u00edsticas buscadas no profissional de RH, \u00e9 importante lembrar que alinhar todas essas tarefas a um software de gest\u00e3o, faz toda a diferen\u00e7a na rotina de trabalho tanto dos l\u00edderes de equipe, quanto dos colaboradores em geral.&nbsp;<\/p>\n\n\n\n<p>Se voc\u00ea busca por qualidade e bom desempenho interno, entre em contato com a <a href=\"https:\/\/tecnoponto.com\/\">Tecnoponto<\/a>. Podemos te oferecer as melhores solu\u00e7\u00f5es para o seu neg\u00f3cio.&nbsp;<\/p>\n\n\n\n<p>E se voc\u00ea gostou do conte\u00fado, n\u00e3o esque\u00e7a de compartilhar com aquele amigo que est\u00e1 em d\u00favida sobre seguir ou n\u00e3o na \u00e1rea de RH. Continue nos acompanhando para ler mais temas como este, semanalmente.<\/p>\n","protected":false},"excerpt":{"rendered":"<p>Para definir o perfil do profissional de RH, \u00e9 necess\u00e1rio levar diversos fatores em considera\u00e7\u00e3o. Afinal, o ano de 2020 transformou o mercado e trouxe muitas mudan\u00e7as significativas para o novo cen\u00e1rio tecnol\u00f3gico em que estamos vivendo.&nbsp; O profissional de RH \u00e9 respons\u00e1vel por reter talentos, trein\u00e1-los e desenvolv\u00ea-los. Hoje, as empresas est\u00e3o cientes que [&hellip;]<\/p>\n","protected":false},"author":8,"featured_media":507,"comment_status":"open","ping_status":"open","sticky":false,"template":"","format":"standard","meta":{"inline_featured_image":false,"footnotes":""},"categories":[18,73,74,75],"tags":[17,57,76,43],"class_list":["post-506","post","type-post","status-publish","format-standard","has-post-thumbnail","hentry","category-dicas-rh","category-gestao-de-pessoas","category-profissional-de-rh","category-recursos-humanos","tag-dicas-rh","tag-gestao-de-pessoas","tag-profissional-de-rh","tag-rh"],"yoast_head":"<!-- This site is optimized with the Yoast SEO plugin v23.6 - https:\/\/yoast.com\/wordpress\/plugins\/seo\/ -->\n<title>Qual \u00e9 o Perfil do Profissional de RH? -<\/title>\n<meta name=\"description\" content=\"Para definir o perfil do profissional de RH, \u00e9 necess\u00e1rio levar diversos fatores em considera\u00e7\u00e3o. Afinal, o ano de 2020 transformou o ...\" \/>\n<meta name=\"robots\" content=\"index, follow, max-snippet:-1, max-image-preview:large, max-video-preview:-1\" \/>\n<link rel=\"canonical\" href=\"https:\/\/tecnoponto.com\/blog\/qual-e-o-perfil-do-profissional-de-rh\/\" \/>\n<meta property=\"og:locale\" content=\"pt_BR\" \/>\n<meta property=\"og:type\" content=\"article\" \/>\n<meta property=\"og:title\" content=\"Qual \u00e9 o Perfil do Profissional de RH? -\" \/>\n<meta property=\"og:description\" content=\"Para definir o perfil do profissional de RH, \u00e9 necess\u00e1rio levar diversos fatores em considera\u00e7\u00e3o. Afinal, o ano de 2020 transformou o ...\" \/>\n<meta property=\"og:url\" content=\"https:\/\/tecnoponto.com\/blog\/qual-e-o-perfil-do-profissional-de-rh\/\" \/>\n<meta property=\"article:publisher\" content=\"https:\/\/www.facebook.com\/Tecnoponto.brasil\" \/>\n<meta property=\"article:published_time\" content=\"2021-10-14T17:31:16+00:00\" \/>\n<meta property=\"article:modified_time\" content=\"2021-10-14T17:31:18+00:00\" \/>\n<meta property=\"og:image\" content=\"https:\/\/tecnoponto.com\/blog\/wp-content\/uploads\/2021\/10\/TECNOPONTO_POST-03_BLOG_Qual-e-o-perfil-do-profssional-de-RH.png\" \/>\n\t<meta property=\"og:image:width\" content=\"1024\" \/>\n\t<meta property=\"og:image:height\" content=\"512\" \/>\n\t<meta property=\"og:image:type\" content=\"image\/png\" \/>\n<meta name=\"author\" content=\"Lorena\" \/>\n<meta name=\"twitter:card\" content=\"summary_large_image\" \/>\n<meta name=\"twitter:label1\" content=\"Escrito por\" \/>\n\t<meta name=\"twitter:data1\" content=\"Lorena\" \/>\n\t<meta name=\"twitter:label2\" content=\"Est. tempo de leitura\" \/>\n\t<meta name=\"twitter:data2\" content=\"3 minutos\" \/>\n<script type=\"application\/ld+json\" class=\"yoast-schema-graph\">{\"@context\":\"https:\/\/schema.org\",\"@graph\":[{\"@type\":\"Article\",\"@id\":\"https:\/\/tecnoponto.com\/blog\/qual-e-o-perfil-do-profissional-de-rh\/#article\",\"isPartOf\":{\"@id\":\"https:\/\/tecnoponto.com\/blog\/qual-e-o-perfil-do-profissional-de-rh\/\"},\"author\":{\"name\":\"Lorena\",\"@id\":\"https:\/\/tecnoponto.com\/blog\/#\/schema\/person\/7a48e03964a400b08e8fd2f5628d7431\"},\"headline\":\"Qual \u00e9 o Perfil do Profissional de RH?\",\"datePublished\":\"2021-10-14T17:31:16+00:00\",\"dateModified\":\"2021-10-14T17:31:18+00:00\",\"mainEntityOfPage\":{\"@id\":\"https:\/\/tecnoponto.com\/blog\/qual-e-o-perfil-do-profissional-de-rh\/\"},\"wordCount\":689,\"commentCount\":0,\"publisher\":{\"@id\":\"https:\/\/tecnoponto.com\/blog\/#organization\"},\"image\":{\"@id\":\"https:\/\/tecnoponto.com\/blog\/qual-e-o-perfil-do-profissional-de-rh\/#primaryimage\"},\"thumbnailUrl\":\"https:\/\/tecnoponto.com\/blog\/wp-content\/uploads\/2021\/10\/TECNOPONTO_POST-03_BLOG_Qual-e-o-perfil-do-profssional-de-RH.png\",\"keywords\":[\"dicas rh\",\"Gest\u00e3o de pessoas\",\"profissional de RH\",\"RH\"],\"articleSection\":[\"Dicas RH\",\"gest\u00e3o de pessoas\",\"profissional de RH\",\"Recursos Humanos\"],\"inLanguage\":\"pt-BR\",\"potentialAction\":[{\"@type\":\"CommentAction\",\"name\":\"Comment\",\"target\":[\"https:\/\/tecnoponto.com\/blog\/qual-e-o-perfil-do-profissional-de-rh\/#respond\"]}]},{\"@type\":\"WebPage\",\"@id\":\"https:\/\/tecnoponto.com\/blog\/qual-e-o-perfil-do-profissional-de-rh\/\",\"url\":\"https:\/\/tecnoponto.com\/blog\/qual-e-o-perfil-do-profissional-de-rh\/\",\"name\":\"Qual \u00e9 o Perfil do Profissional de RH? -\",\"isPartOf\":{\"@id\":\"https:\/\/tecnoponto.com\/blog\/#website\"},\"primaryImageOfPage\":{\"@id\":\"https:\/\/tecnoponto.com\/blog\/qual-e-o-perfil-do-profissional-de-rh\/#primaryimage\"},\"image\":{\"@id\":\"https:\/\/tecnoponto.com\/blog\/qual-e-o-perfil-do-profissional-de-rh\/#primaryimage\"},\"thumbnailUrl\":\"https:\/\/tecnoponto.com\/blog\/wp-content\/uploads\/2021\/10\/TECNOPONTO_POST-03_BLOG_Qual-e-o-perfil-do-profssional-de-RH.png\",\"datePublished\":\"2021-10-14T17:31:16+00:00\",\"dateModified\":\"2021-10-14T17:31:18+00:00\",\"description\":\"Para definir o perfil do profissional de RH, \u00e9 necess\u00e1rio levar diversos fatores em considera\u00e7\u00e3o. Afinal, o ano de 2020 transformou o ...\",\"breadcrumb\":{\"@id\":\"https:\/\/tecnoponto.com\/blog\/qual-e-o-perfil-do-profissional-de-rh\/#breadcrumb\"},\"inLanguage\":\"pt-BR\",\"potentialAction\":[{\"@type\":\"ReadAction\",\"target\":[\"https:\/\/tecnoponto.com\/blog\/qual-e-o-perfil-do-profissional-de-rh\/\"]}]},{\"@type\":\"ImageObject\",\"inLanguage\":\"pt-BR\",\"@id\":\"https:\/\/tecnoponto.com\/blog\/qual-e-o-perfil-do-profissional-de-rh\/#primaryimage\",\"url\":\"https:\/\/tecnoponto.com\/blog\/wp-content\/uploads\/2021\/10\/TECNOPONTO_POST-03_BLOG_Qual-e-o-perfil-do-profssional-de-RH.png\",\"contentUrl\":\"https:\/\/tecnoponto.com\/blog\/wp-content\/uploads\/2021\/10\/TECNOPONTO_POST-03_BLOG_Qual-e-o-perfil-do-profssional-de-RH.png\",\"width\":1024,\"height\":512},{\"@type\":\"BreadcrumbList\",\"@id\":\"https:\/\/tecnoponto.com\/blog\/qual-e-o-perfil-do-profissional-de-rh\/#breadcrumb\",\"itemListElement\":[{\"@type\":\"ListItem\",\"position\":1,\"name\":\"In\u00edcio\",\"item\":\"https:\/\/tecnoponto.com\/blog\/\"},{\"@type\":\"ListItem\",\"position\":2,\"name\":\"Qual \u00e9 o Perfil do Profissional de RH?\"}]},{\"@type\":\"WebSite\",\"@id\":\"https:\/\/tecnoponto.com\/blog\/#website\",\"url\":\"https:\/\/tecnoponto.com\/blog\/\",\"name\":\"Tecnoponto Blog\",\"description\":\"Solu\u00e7\u00e3o em Controle de Ponto, Acesso e Automa\u00e7\u00e3o Empresarial\",\"publisher\":{\"@id\":\"https:\/\/tecnoponto.com\/blog\/#organization\"},\"potentialAction\":[{\"@type\":\"SearchAction\",\"target\":{\"@type\":\"EntryPoint\",\"urlTemplate\":\"https:\/\/tecnoponto.com\/blog\/?s={search_term_string}\"},\"query-input\":{\"@type\":\"PropertyValueSpecification\",\"valueRequired\":true,\"valueName\":\"search_term_string\"}}],\"inLanguage\":\"pt-BR\"},{\"@type\":\"Organization\",\"@id\":\"https:\/\/tecnoponto.com\/blog\/#organization\",\"name\":\"Tecnoponto Solu\u00e7\u00f5es para Controle de Ponto e Acesso\",\"url\":\"https:\/\/tecnoponto.com\/blog\/\",\"logo\":{\"@type\":\"ImageObject\",\"inLanguage\":\"pt-BR\",\"@id\":\"https:\/\/tecnoponto.com\/blog\/#\/schema\/logo\/image\/\",\"url\":\"https:\/\/tecnoponto.com\/blog\/wp-content\/uploads\/2023\/09\/Logo-nova-branca-final-full-1.png\",\"contentUrl\":\"https:\/\/tecnoponto.com\/blog\/wp-content\/uploads\/2023\/09\/Logo-nova-branca-final-full-1.png\",\"width\":5990,\"height\":901,\"caption\":\"Tecnoponto Solu\u00e7\u00f5es para Controle de Ponto e Acesso\"},\"image\":{\"@id\":\"https:\/\/tecnoponto.com\/blog\/#\/schema\/logo\/image\/\"},\"sameAs\":[\"https:\/\/www.facebook.com\/Tecnoponto.brasil\",\"https:\/\/www.instagram.com\/tecnoponto.brasil\/\",\"https:\/\/www.linkedin.com\/company\/tecnoponto\"]},{\"@type\":\"Person\",\"@id\":\"https:\/\/tecnoponto.com\/blog\/#\/schema\/person\/7a48e03964a400b08e8fd2f5628d7431\",\"name\":\"Lorena\",\"image\":{\"@type\":\"ImageObject\",\"inLanguage\":\"pt-BR\",\"@id\":\"https:\/\/tecnoponto.com\/blog\/#\/schema\/person\/image\/\",\"url\":\"https:\/\/secure.gravatar.com\/avatar\/76e7ee71e82e657a06632846f860f2c7?s=96&d=mm&r=g\",\"contentUrl\":\"https:\/\/secure.gravatar.com\/avatar\/76e7ee71e82e657a06632846f860f2c7?s=96&d=mm&r=g\",\"caption\":\"Lorena\"},\"url\":\"https:\/\/tecnoponto.com\/blog\/author\/lorena\/\"}]}<\/script>\n<!-- \/ Yoast SEO plugin. -->","yoast_head_json":{"title":"Qual \u00e9 o Perfil do Profissional de RH? -","description":"Para definir o perfil do profissional de RH, \u00e9 necess\u00e1rio levar diversos fatores em considera\u00e7\u00e3o. Afinal, o ano de 2020 transformou o ...","robots":{"index":"index","follow":"follow","max-snippet":"max-snippet:-1","max-image-preview":"max-image-preview:large","max-video-preview":"max-video-preview:-1"},"canonical":"https:\/\/tecnoponto.com\/blog\/qual-e-o-perfil-do-profissional-de-rh\/","og_locale":"pt_BR","og_type":"article","og_title":"Qual \u00e9 o Perfil do Profissional de RH? -","og_description":"Para definir o perfil do profissional de RH, \u00e9 necess\u00e1rio levar diversos fatores em considera\u00e7\u00e3o. Afinal, o ano de 2020 transformou o ...","og_url":"https:\/\/tecnoponto.com\/blog\/qual-e-o-perfil-do-profissional-de-rh\/","article_publisher":"https:\/\/www.facebook.com\/Tecnoponto.brasil","article_published_time":"2021-10-14T17:31:16+00:00","article_modified_time":"2021-10-14T17:31:18+00:00","og_image":[{"width":1024,"height":512,"url":"https:\/\/tecnoponto.com\/blog\/wp-content\/uploads\/2021\/10\/TECNOPONTO_POST-03_BLOG_Qual-e-o-perfil-do-profssional-de-RH.png","type":"image\/png"}],"author":"Lorena","twitter_card":"summary_large_image","twitter_misc":{"Escrito por":"Lorena","Est. tempo de leitura":"3 minutos"},"schema":{"@context":"https:\/\/schema.org","@graph":[{"@type":"Article","@id":"https:\/\/tecnoponto.com\/blog\/qual-e-o-perfil-do-profissional-de-rh\/#article","isPartOf":{"@id":"https:\/\/tecnoponto.com\/blog\/qual-e-o-perfil-do-profissional-de-rh\/"},"author":{"name":"Lorena","@id":"https:\/\/tecnoponto.com\/blog\/#\/schema\/person\/7a48e03964a400b08e8fd2f5628d7431"},"headline":"Qual \u00e9 o Perfil do Profissional de RH?","datePublished":"2021-10-14T17:31:16+00:00","dateModified":"2021-10-14T17:31:18+00:00","mainEntityOfPage":{"@id":"https:\/\/tecnoponto.com\/blog\/qual-e-o-perfil-do-profissional-de-rh\/"},"wordCount":689,"commentCount":0,"publisher":{"@id":"https:\/\/tecnoponto.com\/blog\/#organization"},"image":{"@id":"https:\/\/tecnoponto.com\/blog\/qual-e-o-perfil-do-profissional-de-rh\/#primaryimage"},"thumbnailUrl":"https:\/\/tecnoponto.com\/blog\/wp-content\/uploads\/2021\/10\/TECNOPONTO_POST-03_BLOG_Qual-e-o-perfil-do-profssional-de-RH.png","keywords":["dicas rh","Gest\u00e3o de pessoas","profissional de RH","RH"],"articleSection":["Dicas RH","gest\u00e3o de pessoas","profissional de RH","Recursos Humanos"],"inLanguage":"pt-BR","potentialAction":[{"@type":"CommentAction","name":"Comment","target":["https:\/\/tecnoponto.com\/blog\/qual-e-o-perfil-do-profissional-de-rh\/#respond"]}]},{"@type":"WebPage","@id":"https:\/\/tecnoponto.com\/blog\/qual-e-o-perfil-do-profissional-de-rh\/","url":"https:\/\/tecnoponto.com\/blog\/qual-e-o-perfil-do-profissional-de-rh\/","name":"Qual \u00e9 o Perfil do Profissional de RH? -","isPartOf":{"@id":"https:\/\/tecnoponto.com\/blog\/#website"},"primaryImageOfPage":{"@id":"https:\/\/tecnoponto.com\/blog\/qual-e-o-perfil-do-profissional-de-rh\/#primaryimage"},"image":{"@id":"https:\/\/tecnoponto.com\/blog\/qual-e-o-perfil-do-profissional-de-rh\/#primaryimage"},"thumbnailUrl":"https:\/\/tecnoponto.com\/blog\/wp-content\/uploads\/2021\/10\/TECNOPONTO_POST-03_BLOG_Qual-e-o-perfil-do-profssional-de-RH.png","datePublished":"2021-10-14T17:31:16+00:00","dateModified":"2021-10-14T17:31:18+00:00","description":"Para definir o perfil do profissional de RH, \u00e9 necess\u00e1rio levar diversos fatores em considera\u00e7\u00e3o. Afinal, o ano de 2020 transformou o ...","breadcrumb":{"@id":"https:\/\/tecnoponto.com\/blog\/qual-e-o-perfil-do-profissional-de-rh\/#breadcrumb"},"inLanguage":"pt-BR","potentialAction":[{"@type":"ReadAction","target":["https:\/\/tecnoponto.com\/blog\/qual-e-o-perfil-do-profissional-de-rh\/"]}]},{"@type":"ImageObject","inLanguage":"pt-BR","@id":"https:\/\/tecnoponto.com\/blog\/qual-e-o-perfil-do-profissional-de-rh\/#primaryimage","url":"https:\/\/tecnoponto.com\/blog\/wp-content\/uploads\/2021\/10\/TECNOPONTO_POST-03_BLOG_Qual-e-o-perfil-do-profssional-de-RH.png","contentUrl":"https:\/\/tecnoponto.com\/blog\/wp-content\/uploads\/2021\/10\/TECNOPONTO_POST-03_BLOG_Qual-e-o-perfil-do-profssional-de-RH.png","width":1024,"height":512},{"@type":"BreadcrumbList","@id":"https:\/\/tecnoponto.com\/blog\/qual-e-o-perfil-do-profissional-de-rh\/#breadcrumb","itemListElement":[{"@type":"ListItem","position":1,"name":"In\u00edcio","item":"https:\/\/tecnoponto.com\/blog\/"},{"@type":"ListItem","position":2,"name":"Qual \u00e9 o Perfil do Profissional de RH?"}]},{"@type":"WebSite","@id":"https:\/\/tecnoponto.com\/blog\/#website","url":"https:\/\/tecnoponto.com\/blog\/","name":"Tecnoponto Blog","description":"Solu\u00e7\u00e3o em Controle de Ponto, Acesso e Automa\u00e7\u00e3o Empresarial","publisher":{"@id":"https:\/\/tecnoponto.com\/blog\/#organization"},"potentialAction":[{"@type":"SearchAction","target":{"@type":"EntryPoint","urlTemplate":"https:\/\/tecnoponto.com\/blog\/?s={search_term_string}"},"query-input":{"@type":"PropertyValueSpecification","valueRequired":true,"valueName":"search_term_string"}}],"inLanguage":"pt-BR"},{"@type":"Organization","@id":"https:\/\/tecnoponto.com\/blog\/#organization","name":"Tecnoponto Solu\u00e7\u00f5es para Controle de Ponto e Acesso","url":"https:\/\/tecnoponto.com\/blog\/","logo":{"@type":"ImageObject","inLanguage":"pt-BR","@id":"https:\/\/tecnoponto.com\/blog\/#\/schema\/logo\/image\/","url":"https:\/\/tecnoponto.com\/blog\/wp-content\/uploads\/2023\/09\/Logo-nova-branca-final-full-1.png","contentUrl":"https:\/\/tecnoponto.com\/blog\/wp-content\/uploads\/2023\/09\/Logo-nova-branca-final-full-1.png","width":5990,"height":901,"caption":"Tecnoponto Solu\u00e7\u00f5es para Controle de Ponto e Acesso"},"image":{"@id":"https:\/\/tecnoponto.com\/blog\/#\/schema\/logo\/image\/"},"sameAs":["https:\/\/www.facebook.com\/Tecnoponto.brasil","https:\/\/www.instagram.com\/tecnoponto.brasil\/","https:\/\/www.linkedin.com\/company\/tecnoponto"]},{"@type":"Person","@id":"https:\/\/tecnoponto.com\/blog\/#\/schema\/person\/7a48e03964a400b08e8fd2f5628d7431","name":"Lorena","image":{"@type":"ImageObject","inLanguage":"pt-BR","@id":"https:\/\/tecnoponto.com\/blog\/#\/schema\/person\/image\/","url":"https:\/\/secure.gravatar.com\/avatar\/76e7ee71e82e657a06632846f860f2c7?s=96&d=mm&r=g","contentUrl":"https:\/\/secure.gravatar.com\/avatar\/76e7ee71e82e657a06632846f860f2c7?s=96&d=mm&r=g","caption":"Lorena"},"url":"https:\/\/tecnoponto.com\/blog\/author\/lorena\/"}]}},"_links":{"self":[{"href":"https:\/\/tecnoponto.com\/blog\/wp-json\/wp\/v2\/posts\/506"}],"collection":[{"href":"https:\/\/tecnoponto.com\/blog\/wp-json\/wp\/v2\/posts"}],"about":[{"href":"https:\/\/tecnoponto.com\/blog\/wp-json\/wp\/v2\/types\/post"}],"author":[{"embeddable":true,"href":"https:\/\/tecnoponto.com\/blog\/wp-json\/wp\/v2\/users\/8"}],"replies":[{"embeddable":true,"href":"https:\/\/tecnoponto.com\/blog\/wp-json\/wp\/v2\/comments?post=506"}],"version-history":[{"count":1,"href":"https:\/\/tecnoponto.com\/blog\/wp-json\/wp\/v2\/posts\/506\/revisions"}],"predecessor-version":[{"id":508,"href":"https:\/\/tecnoponto.com\/blog\/wp-json\/wp\/v2\/posts\/506\/revisions\/508"}],"wp:featuredmedia":[{"embeddable":true,"href":"https:\/\/tecnoponto.com\/blog\/wp-json\/wp\/v2\/media\/507"}],"wp:attachment":[{"href":"https:\/\/tecnoponto.com\/blog\/wp-json\/wp\/v2\/media?parent=506"}],"wp:term":[{"taxonomy":"category","embeddable":true,"href":"https:\/\/tecnoponto.com\/blog\/wp-json\/wp\/v2\/categories?post=506"},{"taxonomy":"post_tag","embeddable":true,"href":"https:\/\/tecnoponto.com\/blog\/wp-json\/wp\/v2\/tags?post=506"}],"curies":[{"name":"wp","href":"https:\/\/api.w.org\/{rel}","templated":true}]}}